
			
				

					
				

			
		{"items":"\n\t\t\t\t\t\t\t\t\t\t\t\n<article id=\"post-79171\" class=\"wd-post blog-design-masonry blog-post-loop blog-style-flat wd-col post-79171 post type-post status-publish format-standard has-post-thumbnail hentry category-blog tag-astrologia-2025 tag-capricornio-astrologia tag-energia-da-lua tag-limpeza-energetica tag-lua-nova tag-preparacao-para-2026 tag-recomeco-espiritual tag-ritual-espiritual tag-ritual-fim-de-ano tag-ritual-lua-nova tag-sagitario-lua-nova tag-ultima-lua-nova-2025\">\n\t<div class=\"article-inner\">\n\t\t\t\t\t<header class=\"entry-header\">\n\t\t\t\t\t\t\t\t\t<figure id=\"carousel-188\" class=\"entry-thumbnail\">\n\t\t\t\t\t\t\n\t\t\t\t\t\t\t<div class=\"post-img-wrapp\">\n\t\t\t\t\t\t\t\t<a href=\"https:\/\/tarologamargaridafernandes.com\/ultima-lua-nova-2025-ritual-recomeco-2026\/\">\n\t\t\t\t\t\t\t\t\t<img width=\"768\" height=\"768\" src=\"https:\/\/tarologamargaridafernandes.com\/wp-content\/uploads\/2025\/12\/ultima-lua-nova-2025-ritual-recomeco-magui.jpg.png\" class=\"attachment-large size-large\" alt=\"Imagem do Ritual da \u00daltima Lua Nova de 2025 \u2013 Recome\u00e7o e Alinhamento para 2026 por Tar\u00f3loga Margarida Fernandes\" decoding=\"async\" srcset=\"https:\/\/tarologamargaridafernandes.com\/wp-content\/uploads\/2025\/12\/ultima-lua-nova-2025-ritual-recomeco-magui.jpg.png 768w, https:\/\/tarologamargaridafernandes.com\/wp-content\/uploads\/2025\/12\/ultima-lua-nova-2025-ritual-recomeco-magui.jpg-300x300.png 300w, https:\/\/tarologamargaridafernandes.com\/wp-content\/uploads\/2025\/12\/ultima-lua-nova-2025-ritual-recomeco-magui.jpg-150x150.png 150w\" sizes=\"(max-width: 768px) 100vw, 768px\" \/>\t\t\t\t\t\t\t\t<\/a>\n\t\t\t\t\t\t\t<\/div>\n\t\t\t\t\t\t\t<div class=\"post-image-mask\">\n\t\t\t\t\t\t\t\t<span><\/span>\n\t\t\t\t\t\t\t<\/div>\n\n\t\t\t\t\t\t\n\t\t\t\t\t<\/figure>\n\t\t\t\t\n\t\t\t\t\t\t\t\t\t\t\t\t<div class=\"post-date wd-post-date wd-style-with-bg\">\n\t\t\t\t<span class=\"post-date-day\">\n\t\t\t\t\t13\t\t\t\t<\/span>\n\t\t\t\t<span class=\"post-date-month\">\n\t\t\t\t\tDez\t\t\t\t<\/span>\n\t\t\t<\/div>\n\t\t\t\t\t\t\n\t\t\t<\/header><!-- .entry-header -->\n\n\t\t<div class=\"article-body-container\">\n\t\t\t\n\t\t\t\t\t\t\t\t\t<div class=\"meta-categories-wrapp\"><div class=\"meta-post-categories wd-post-cat wd-style-with-bg\"><a href=\"https:\/\/tarologamargaridafernandes.com\/category\/blog\/\" rel=\"category tag\">Blog<\/a><\/div><\/div>\n\t\t\t\t\n\t\t\t\t\t\t\t\t\t<h3 class=\"wd-entities-title title post-title\">\n\t\t\t\t\t\t<a href=\"https:\/\/tarologamargaridafernandes.com\/ultima-lua-nova-2025-ritual-recomeco-2026\/\" rel=\"bookmark\">\u00daltima Lua Nova de 2025 \u2014 Ritual de Recome\u00e7o e Alinhamento para 2026<\/a>\n\t\t\t\t\t<\/h3>\n\t\t\t\t\n\t\t\t\t\t\t\t\t\t<div class=\"entry-meta wd-entry-meta\">\n\t\t\t\t\t\t\t\t\t<ul class=\"entry-meta-list\">\n\t\t\t\t\t\t\t\t\t<li class=\"modified-date\">\n\t\t\t\t\t\t\t\t<time class=\"updated\" datetime=\"2025-12-08T18:10:16+01:00\">\n\t\t\tDezembro 8, 2025\t\t<\/time>\n\t\t\t\t\t\t\t<\/li>\n\n\t\t\t\t\t\n\t\t\t\t\t\t\t\t\t\t\t<li class=\"meta-author\">\n\t\t\t\t\t\t\t\t\t\t\t\t<span>Por<\/span>\n\t\t\n\t\t\t\t\t<img src=\"https:\/\/tarologamargaridafernandes.com\/wp-content\/uploads\/2024\/06\/avatar-magui-150x150.jpg\" srcset=\"https:\/\/tarologamargaridafernandes.com\/wp-content\/uploads\/2024\/06\/avatar-magui-150x150.jpg 2x\" width=\"32\" height=\"32\" alt=\"author-avatar\" class=\"avatar avatar-32 wp-user-avatar wp-user-avatar-32 photo avatar-default\" \/>\t\t\n\t\t<a href=\"https:\/\/tarologamargaridafernandes.com\/author\/magui\/\" rel=\"author\">\n\t\t\t<span class=\"vcard author author_name\">\n\t\t\t\t<span class=\"fn\">Magui<\/span>\n\t\t\t<\/span>\n\t\t<\/a>\n\t\t\t\t\t\t\t\t<\/li>\n\t\t\t\t\t\n\t\t\t\t\t\n\t\t\t\t\t\t\t\t\t\t\t<li class=\"meta-reply\">\n\t\t\t\t\t\t\t<a href=\"https:\/\/tarologamargaridafernandes.com\/ultima-lua-nova-2025-ritual-recomeco-2026\/#respond\"><span class=\"replies-count\">0<\/span> <span class=\"replies-count-label\">comments<\/span><\/a>\t\t\t\t\t\t<\/li>\n\t\t\t\t\t\t\t\t\t\t\t\t<\/ul>\n\t\t\t\t\t\t\t<\/div><!-- .entry-meta -->\n\t\t\t\t\t\t\t\t\t\t\t<div class=\"hovered-social-icons wd-tltp wd-tltp-top\">\n\t\t\t\t\t\t\t<div class=\"wd-tooltip-label\">\n\t\t\t\t\t\t\t\t\t\t\t<link rel=\"stylesheet\" id=\"wd-social-icons-css\" href=\"https:\/\/tarologamargaridafernandes.com\/wp-content\/themes\/woodmart\/css\/parts\/el-social-icons.min.css?ver=7.5.1\" type=\"text\/css\" media=\"all\" \/> \t\t\t\n\t\t\t<div class=\" wd-social-icons icons-design-default icons-size-small color-scheme-light social-share social-form-circle text-center\">\n\n\t\t\t\t\n\t\t\t\t\t\t\t\t\t<a rel=\"noopener noreferrer nofollow\" href=\"https:\/\/www.facebook.com\/sharer\/sharer.php?u=https:\/\/tarologamargaridafernandes.com\/ultima-lua-nova-2025-ritual-recomeco-2026\/\" target=\"_blank\" class=\" wd-social-icon social-facebook\" aria-label=\"Facebook social link\">\n\t\t\t\t\t\t<span class=\"wd-icon\"><\/span>\n\t\t\t\t\t\t\t\t\t\t\t<\/a>\n\t\t\t\t\n\t\t\t\t\t\t\t\t\t<a rel=\"noopener noreferrer nofollow\" href=\"https:\/\/x.com\/share?url=https:\/\/tarologamargaridafernandes.com\/ultima-lua-nova-2025-ritual-recomeco-2026\/\" target=\"_blank\" class=\" wd-social-icon social-twitter\" aria-label=\"X social link\">\n\t\t\t\t\t\t<span class=\"wd-icon\"><\/span>\n\t\t\t\t\t\t\t\t\t\t\t<\/a>\n\t\t\t\t\n\t\t\t\t\t\t\t\t\t<a rel=\"noopener noreferrer nofollow\" href=\"mailto:?subject=Check%20this%20https:\/\/tarologamargaridafernandes.com\/ultima-lua-nova-2025-ritual-recomeco-2026\/\" target=\"_blank\" class=\" wd-social-icon social-email\" aria-label=\"Email social link\">\n\t\t\t\t\t\t<span class=\"wd-icon\"><\/span>\n\t\t\t\t\t\t\t\t\t\t\t<\/a>\n\t\t\t\t\n\t\t\t\t\n\t\t\t\t\n\t\t\t\t\n\t\t\t\t\n\t\t\t\t\n\t\t\t\t\n\t\t\t\t\n\t\t\t\t\n\t\t\t\t\n\t\t\t\t\n\t\t\t\t\n\t\t\t\t\n\t\t\t\t\n\t\t\t\t\t\t\t\t\t<a rel=\"noopener noreferrer nofollow\" href=\"https:\/\/api.whatsapp.com\/send?text=https%3A%2F%2Ftarologamargaridafernandes.com%2Fultima-lua-nova-2025-ritual-recomeco-2026%2F\" target=\"_blank\" class=\"whatsapp-desktop  wd-social-icon social-whatsapp\" aria-label=\"WhatsApp social link\">\n\t\t\t\t\t\t<span class=\"wd-icon\"><\/span>\n\t\t\t\t\t\t\t\t\t\t\t<\/a>\n\t\t\t\t\t\n\t\t\t\t\t<a rel=\"noopener noreferrer nofollow\" href=\"whatsapp:\/\/send?text=https%3A%2F%2Ftarologamargaridafernandes.com%2Fultima-lua-nova-2025-ritual-recomeco-2026%2F\" target=\"_blank\" class=\"whatsapp-mobile  wd-social-icon social-whatsapp\" aria-label=\"WhatsApp social link\">\n\t\t\t\t\t\t<span class=\"wd-icon\"><\/span>\n\t\t\t\t\t\t\t\t\t\t\t<\/a>\n\t\t\t\t\n\t\t\t\t\t\t\t\t\n\t\t\t\t\t\t\t\t\n\t\t\t\t\n\t\t\t\t\n\t\t\t\t\t\t\t\t\t<a rel=\"noopener noreferrer nofollow\" href=\"https:\/\/telegram.me\/share\/url?url=https:\/\/tarologamargaridafernandes.com\/ultima-lua-nova-2025-ritual-recomeco-2026\/\" target=\"_blank\" class=\" wd-social-icon social-tg\" aria-label=\"Telegram social link\">\n\t\t\t\t\t\t<span class=\"wd-icon\"><\/span>\n\t\t\t\t\t\t\t\t\t\t\t<\/a>\n\t\t\t\t\t\t\t\t\n\t\t\t\t\n\t\t\t<\/div>\n\n\t\t\t\t\t\t\t\t\t<\/div>\n\t\t\t\t\t\t<\/div>\n\t\t\t\t\t\t\t\t\t\t\t\t\n\t\t\t\t\t\t\t\n\t\t\t\t                    <div class=\"entry-content wd-entry-content\">\n\t\t\t\t\t\t\u00daltima Lua Nova de 2025 \u2014 Ritual de Recome\u00e7o e Alinhamento para 2026\r\nA \u00daltima Lua Nova de 2025, que acontece no dia 20 de Dezembro, ma...\n\t\t\t\t\t\t\t\t\t\t\t<\/div><!-- .entry-content -->\n\t\t\t\t\n\t\t\t\t\t\t\t\t\t\t\t\t\t\t<p class=\"read-more-section\">\n\t\t\t\t\t\t<a class=\"btn-read-more more-link\" href=\"https:\/\/tarologamargaridafernandes.com\/ultima-lua-nova-2025-ritual-recomeco-2026\/\">Continua a ler<\/a>\t\t\t\t\t<\/p>\n\t\t\t\t\t\t\t\t\t\t\t\n\t\t\t\n\t\t\t\t\t<\/div>\n\t<\/div>\n<\/article><!-- #post -->\n\n\n\t\t\t\t\t\t\t\t\t\t\t\n<article id=\"post-79164\" class=\"wd-post blog-design-masonry blog-post-loop blog-style-flat wd-col post-79164 post type-post status-publish format-standard has-post-thumbnail hentry category-blog tag-astrologia-2025 tag-balanca tag-energia-2025 tag-equilibrio-emocional tag-espiritualidade-feminina tag-fecho-de-ciclo tag-limpeza-energetica tag-lua-minguante tag-portal-12-12 tag-portal-energetico tag-rituais-magui tag-ritual-espiritual tag-ritual-portal-12-12 tag-tarot-portugal tag-virgem\">\n\t<div class=\"article-inner\">\n\t\t\t\t\t<header class=\"entry-header\">\n\t\t\t\t\t\t\t\t\t<figure id=\"carousel-745\" class=\"entry-thumbnail\">\n\t\t\t\t\t\t\n\t\t\t\t\t\t\t<div class=\"post-img-wrapp\">\n\t\t\t\t\t\t\t\t<a href=\"https:\/\/tarologamargaridafernandes.com\/portal-12-12-2025-limpeza-equilibrio\/\">\n\t\t\t\t\t\t\t\t\t<img width=\"768\" height=\"768\" src=\"https:\/\/tarologamargaridafernandes.com\/wp-content\/uploads\/2025\/12\/portal-12-12-ritual-limpeza-equilibrio-magui.jpg-1.png\" class=\"attachment-large size-large\" alt=\"Portal 12\/12 2025 \u2013 Ritual de limpeza e equil\u00edbrio energ\u00e9tico por Tar\u00f3loga Margarida Fernandes\" decoding=\"async\" srcset=\"https:\/\/tarologamargaridafernandes.com\/wp-content\/uploads\/2025\/12\/portal-12-12-ritual-limpeza-equilibrio-magui.jpg-1.png 768w, https:\/\/tarologamargaridafernandes.com\/wp-content\/uploads\/2025\/12\/portal-12-12-ritual-limpeza-equilibrio-magui.jpg-1-300x300.png 300w, https:\/\/tarologamargaridafernandes.com\/wp-content\/uploads\/2025\/12\/portal-12-12-ritual-limpeza-equilibrio-magui.jpg-1-150x150.png 150w\" sizes=\"(max-width: 768px) 100vw, 768px\" \/>\t\t\t\t\t\t\t\t<\/a>\n\t\t\t\t\t\t\t<\/div>\n\t\t\t\t\t\t\t<div class=\"post-image-mask\">\n\t\t\t\t\t\t\t\t<span><\/span>\n\t\t\t\t\t\t\t<\/div>\n\n\t\t\t\t\t\t\n\t\t\t\t\t<\/figure>\n\t\t\t\t\n\t\t\t\t\t\t\t\t\t\t\t\t<div class=\"post-date wd-post-date wd-style-with-bg\">\n\t\t\t\t<span class=\"post-date-day\">\n\t\t\t\t\t07\t\t\t\t<\/span>\n\t\t\t\t<span class=\"post-date-month\">\n\t\t\t\t\tDez\t\t\t\t<\/span>\n\t\t\t<\/div>\n\t\t\t\t\t\t\n\t\t\t<\/header><!-- .entry-header -->\n\n\t\t<div class=\"article-body-container\">\n\t\t\t\n\t\t\t\t\t\t\t\t\t<div class=\"meta-categories-wrapp\"><div class=\"meta-post-categories wd-post-cat wd-style-with-bg\"><a href=\"https:\/\/tarologamargaridafernandes.com\/category\/blog\/\" rel=\"category tag\">Blog<\/a><\/div><\/div>\n\t\t\t\t\n\t\t\t\t\t\t\t\t\t<h3 class=\"wd-entities-title title post-title\">\n\t\t\t\t\t\t<a href=\"https:\/\/tarologamargaridafernandes.com\/portal-12-12-2025-limpeza-equilibrio\/\" rel=\"bookmark\">Portal 12\/12 \u2013 Limpeza, Equil\u00edbrio e Fecho Energ\u00e9tico de 2025<\/a>\n\t\t\t\t\t<\/h3>\n\t\t\t\t\n\t\t\t\t\t\t\t\t\t<div class=\"entry-meta wd-entry-meta\">\n\t\t\t\t\t\t\t\t\t<ul class=\"entry-meta-list\">\n\t\t\t\t\t\t\t\t\t<li class=\"modified-date\">\n\t\t\t\t\t\t\t\t<time class=\"updated\" datetime=\"2025-12-07T21:10:48+01:00\">\n\t\t\tDezembro 7, 2025\t\t<\/time>\n\t\t\t\t\t\t\t<\/li>\n\n\t\t\t\t\t\n\t\t\t\t\t\t\t\t\t\t\t<li class=\"meta-author\">\n\t\t\t\t\t\t\t\t\t\t\t\t<span>Por<\/span>\n\t\t\n\t\t\t\t\t<img src=\"https:\/\/tarologamargaridafernandes.com\/wp-content\/uploads\/2024\/06\/avatar-magui-150x150.jpg\" srcset=\"https:\/\/tarologamargaridafernandes.com\/wp-content\/uploads\/2024\/06\/avatar-magui-150x150.jpg 2x\" width=\"32\" height=\"32\" alt=\"author-avatar\" class=\"avatar avatar-32 wp-user-avatar wp-user-avatar-32 photo avatar-default\" \/>\t\t\n\t\t<a href=\"https:\/\/tarologamargaridafernandes.com\/author\/magui\/\" rel=\"author\">\n\t\t\t<span class=\"vcard author author_name\">\n\t\t\t\t<span class=\"fn\">Magui<\/span>\n\t\t\t<\/span>\n\t\t<\/a>\n\t\t\t\t\t\t\t\t<\/li>\n\t\t\t\t\t\n\t\t\t\t\t\n\t\t\t\t\t\t\t\t\t\t\t<li class=\"meta-reply\">\n\t\t\t\t\t\t\t<a href=\"https:\/\/tarologamargaridafernandes.com\/portal-12-12-2025-limpeza-equilibrio\/#respond\"><span class=\"replies-count\">0<\/span> <span class=\"replies-count-label\">comments<\/span><\/a>\t\t\t\t\t\t<\/li>\n\t\t\t\t\t\t\t\t\t\t\t\t<\/ul>\n\t\t\t\t\t\t\t<\/div><!-- .entry-meta -->\n\t\t\t\t\t\t\t\t\t\t\t<div class=\"hovered-social-icons wd-tltp wd-tltp-top\">\n\t\t\t\t\t\t\t<div class=\"wd-tooltip-label\">\n\t\t\t\t\t\t\t\t\n\t\t\t<div class=\" wd-social-icons icons-design-default icons-size-small color-scheme-light social-share social-form-circle text-center\">\n\n\t\t\t\t\n\t\t\t\t\t\t\t\t\t<a rel=\"noopener noreferrer nofollow\" href=\"https:\/\/www.facebook.com\/sharer\/sharer.php?u=https:\/\/tarologamargaridafernandes.com\/portal-12-12-2025-limpeza-equilibrio\/\" target=\"_blank\" class=\" wd-social-icon social-facebook\" aria-label=\"Facebook social link\">\n\t\t\t\t\t\t<span class=\"wd-icon\"><\/span>\n\t\t\t\t\t\t\t\t\t\t\t<\/a>\n\t\t\t\t\n\t\t\t\t\t\t\t\t\t<a rel=\"noopener noreferrer nofollow\" href=\"https:\/\/x.com\/share?url=https:\/\/tarologamargaridafernandes.com\/portal-12-12-2025-limpeza-equilibrio\/\" target=\"_blank\" class=\" wd-social-icon social-twitter\" aria-label=\"X social link\">\n\t\t\t\t\t\t<span class=\"wd-icon\"><\/span>\n\t\t\t\t\t\t\t\t\t\t\t<\/a>\n\t\t\t\t\n\t\t\t\t\t\t\t\t\t<a rel=\"noopener noreferrer nofollow\" href=\"mailto:?subject=Check%20this%20https:\/\/tarologamargaridafernandes.com\/portal-12-12-2025-limpeza-equilibrio\/\" target=\"_blank\" class=\" wd-social-icon social-email\" aria-label=\"Email social link\">\n\t\t\t\t\t\t<span class=\"wd-icon\"><\/span>\n\t\t\t\t\t\t\t\t\t\t\t<\/a>\n\t\t\t\t\n\t\t\t\t\n\t\t\t\t\n\t\t\t\t\n\t\t\t\t\n\t\t\t\t\n\t\t\t\t\n\t\t\t\t\n\t\t\t\t\n\t\t\t\t\n\t\t\t\t\n\t\t\t\t\n\t\t\t\t\n\t\t\t\t\n\t\t\t\t\t\t\t\t\t<a rel=\"noopener noreferrer nofollow\" href=\"https:\/\/api.whatsapp.com\/send?text=https%3A%2F%2Ftarologamargaridafernandes.com%2Fportal-12-12-2025-limpeza-equilibrio%2F\" target=\"_blank\" class=\"whatsapp-desktop  wd-social-icon social-whatsapp\" aria-label=\"WhatsApp social link\">\n\t\t\t\t\t\t<span class=\"wd-icon\"><\/span>\n\t\t\t\t\t\t\t\t\t\t\t<\/a>\n\t\t\t\t\t\n\t\t\t\t\t<a rel=\"noopener noreferrer nofollow\" href=\"whatsapp:\/\/send?text=https%3A%2F%2Ftarologamargaridafernandes.com%2Fportal-12-12-2025-limpeza-equilibrio%2F\" target=\"_blank\" class=\"whatsapp-mobile  wd-social-icon social-whatsapp\" aria-label=\"WhatsApp social link\">\n\t\t\t\t\t\t<span class=\"wd-icon\"><\/span>\n\t\t\t\t\t\t\t\t\t\t\t<\/a>\n\t\t\t\t\n\t\t\t\t\t\t\t\t\n\t\t\t\t\t\t\t\t\n\t\t\t\t\n\t\t\t\t\n\t\t\t\t\t\t\t\t\t<a rel=\"noopener noreferrer nofollow\" href=\"https:\/\/telegram.me\/share\/url?url=https:\/\/tarologamargaridafernandes.com\/portal-12-12-2025-limpeza-equilibrio\/\" target=\"_blank\" class=\" wd-social-icon social-tg\" aria-label=\"Telegram social link\">\n\t\t\t\t\t\t<span class=\"wd-icon\"><\/span>\n\t\t\t\t\t\t\t\t\t\t\t<\/a>\n\t\t\t\t\t\t\t\t\n\t\t\t\t\n\t\t\t<\/div>\n\n\t\t\t\t\t\t\t\t\t<\/div>\n\t\t\t\t\t\t<\/div>\n\t\t\t\t\t\t\t\t\t\t\t\t\n\t\t\t\t\t\t\t\n\t\t\t\t                    <div class=\"entry-content wd-entry-content\">\n\t\t\t\t\t\tPortal 12\/12 \u2013 Limpeza, Equil\u00edbrio e Fecho Energ\u00e9tico de 2025\r\nO Portal 12\/12 \u00e9 um dos momentos espirituais mais importantes do ano. Em...\n\t\t\t\t\t\t\t\t\t\t\t<\/div><!-- .entry-content -->\n\t\t\t\t\n\t\t\t\t\t\t\t\t\t\t\t\t\t\t<p class=\"read-more-section\">\n\t\t\t\t\t\t<a class=\"btn-read-more more-link\" href=\"https:\/\/tarologamargaridafernandes.com\/portal-12-12-2025-limpeza-equilibrio\/\">Continua a ler<\/a>\t\t\t\t\t<\/p>\n\t\t\t\t\t\t\t\t\t\t\t\n\t\t\t\n\t\t\t\t\t<\/div>\n\t<\/div>\n<\/article><!-- #post -->\n\n\n\t\t\t\t\t\t\t\t\t\t\t\n<article id=\"post-79099\" class=\"wd-post blog-design-masonry blog-post-loop blog-style-flat wd-col post-79099 post type-post status-publish format-standard has-post-thumbnail hentry category-blog tag-alinhamento-espiritual tag-astrologia-aquario tag-astrologia-peixes tag-corte-energetico tag-cura-emocional tag-desenvolvimento-intuitivo tag-energia-lunar tag-lua-aquario tag-lua-crescente-em-aquario tag-lua-peixes tag-quarto-crescente-em-peixes tag-rituais-2025 tag-ritual-astrologia tag-ritual-de-cura-emocional tag-ritual-de-libertacao tag-ritual-de-transformacao tag-ritual-espiritual tag-ritual-lua\">\n\t<div class=\"article-inner\">\n\t\t\t\t\t<header class=\"entry-header\">\n\t\t\t\t\t\t\t\t\t<figure id=\"carousel-544\" class=\"entry-thumbnail\">\n\t\t\t\t\t\t\n\t\t\t\t\t\t\t<div class=\"post-img-wrapp\">\n\t\t\t\t\t\t\t\t<a href=\"https:\/\/tarologamargaridafernandes.com\/ritual-lua-aquario-peixes-liberta-cura-transforma\/\">\n\t\t\t\t\t\t\t\t\t<img width=\"768\" height=\"768\" src=\"https:\/\/tarologamargaridafernandes.com\/wp-content\/uploads\/2025\/11\/ritual-lua-aquario-peixes-liberta-cura-transforma.jpg\" class=\"attachment-large size-large\" alt=\"Imagem do Ritual da Lua Aqu\u00e1rio\u2013Peixes para liberta\u00e7\u00e3o mental, cura emocional e transforma\u00e7\u00e3o espiritual.\" decoding=\"async\" srcset=\"https:\/\/tarologamargaridafernandes.com\/wp-content\/uploads\/2025\/11\/ritual-lua-aquario-peixes-liberta-cura-transforma.jpg 768w, https:\/\/tarologamargaridafernandes.com\/wp-content\/uploads\/2025\/11\/ritual-lua-aquario-peixes-liberta-cura-transforma-300x300.jpg 300w, https:\/\/tarologamargaridafernandes.com\/wp-content\/uploads\/2025\/11\/ritual-lua-aquario-peixes-liberta-cura-transforma-150x150.jpg 150w\" sizes=\"(max-width: 768px) 100vw, 768px\" \/>\t\t\t\t\t\t\t\t<\/a>\n\t\t\t\t\t\t\t<\/div>\n\t\t\t\t\t\t\t<div class=\"post-image-mask\">\n\t\t\t\t\t\t\t\t<span><\/span>\n\t\t\t\t\t\t\t<\/div>\n\n\t\t\t\t\t\t\n\t\t\t\t\t<\/figure>\n\t\t\t\t\n\t\t\t\t\t\t\t\t\t\t\t\t<div class=\"post-date wd-post-date wd-style-with-bg\">\n\t\t\t\t<span class=\"post-date-day\">\n\t\t\t\t\t23\t\t\t\t<\/span>\n\t\t\t\t<span class=\"post-date-month\">\n\t\t\t\t\tNov\t\t\t\t<\/span>\n\t\t\t<\/div>\n\t\t\t\t\t\t\n\t\t\t<\/header><!-- .entry-header -->\n\n\t\t<div class=\"article-body-container\">\n\t\t\t\n\t\t\t\t\t\t\t\t\t<div class=\"meta-categories-wrapp\"><div class=\"meta-post-categories wd-post-cat wd-style-with-bg\"><a href=\"https:\/\/tarologamargaridafernandes.com\/category\/blog\/\" rel=\"category tag\">Blog<\/a><\/div><\/div>\n\t\t\t\t\n\t\t\t\t\t\t\t\t\t<h3 class=\"wd-entities-title title post-title\">\n\t\t\t\t\t\t<a href=\"https:\/\/tarologamargaridafernandes.com\/ritual-lua-aquario-peixes-liberta-cura-transforma\/\" rel=\"bookmark\">Ritual da Lua Aqu\u00e1rio\u2013Peixes \u2013 Liberta, Cura e Transforma (27 de Novembro 2025)<\/a>\n\t\t\t\t\t<\/h3>\n\t\t\t\t\n\t\t\t\t\t\t\t\t\t<div class=\"entry-meta wd-entry-meta\">\n\t\t\t\t\t\t\t\t\t<ul class=\"entry-meta-list\">\n\t\t\t\t\t\t\t\t\t<li class=\"modified-date\">\n\t\t\t\t\t\t\t\t<time class=\"updated\" datetime=\"2025-11-23T23:00:33+01:00\">\n\t\t\tNovembro 23, 2025\t\t<\/time>\n\t\t\t\t\t\t\t<\/li>\n\n\t\t\t\t\t\n\t\t\t\t\t\t\t\t\t\t\t<li class=\"meta-author\">\n\t\t\t\t\t\t\t\t\t\t\t\t<span>Por<\/span>\n\t\t\n\t\t\t\t\t<img src=\"https:\/\/tarologamargaridafernandes.com\/wp-content\/uploads\/2024\/06\/avatar-magui-150x150.jpg\" srcset=\"https:\/\/tarologamargaridafernandes.com\/wp-content\/uploads\/2024\/06\/avatar-magui-150x150.jpg 2x\" width=\"32\" height=\"32\" alt=\"author-avatar\" class=\"avatar avatar-32 wp-user-avatar wp-user-avatar-32 photo avatar-default\" \/>\t\t\n\t\t<a href=\"https:\/\/tarologamargaridafernandes.com\/author\/magui\/\" rel=\"author\">\n\t\t\t<span class=\"vcard author author_name\">\n\t\t\t\t<span class=\"fn\">Magui<\/span>\n\t\t\t<\/span>\n\t\t<\/a>\n\t\t\t\t\t\t\t\t<\/li>\n\t\t\t\t\t\n\t\t\t\t\t\n\t\t\t\t\t\t\t\t\t\t\t<li class=\"meta-reply\">\n\t\t\t\t\t\t\t<a href=\"https:\/\/tarologamargaridafernandes.com\/ritual-lua-aquario-peixes-liberta-cura-transforma\/#respond\"><span class=\"replies-count\">0<\/span> <span class=\"replies-count-label\">comments<\/span><\/a>\t\t\t\t\t\t<\/li>\n\t\t\t\t\t\t\t\t\t\t\t\t<\/ul>\n\t\t\t\t\t\t\t<\/div><!-- .entry-meta -->\n\t\t\t\t\t\t\t\t\t\t\t<div class=\"hovered-social-icons wd-tltp wd-tltp-top\">\n\t\t\t\t\t\t\t<div class=\"wd-tooltip-label\">\n\t\t\t\t\t\t\t\t\n\t\t\t<div class=\" wd-social-icons icons-design-default icons-size-small color-scheme-light social-share social-form-circle text-center\">\n\n\t\t\t\t\n\t\t\t\t\t\t\t\t\t<a rel=\"noopener noreferrer nofollow\" href=\"https:\/\/www.facebook.com\/sharer\/sharer.php?u=https:\/\/tarologamargaridafernandes.com\/ritual-lua-aquario-peixes-liberta-cura-transforma\/\" target=\"_blank\" class=\" wd-social-icon social-facebook\" aria-label=\"Facebook social link\">\n\t\t\t\t\t\t<span class=\"wd-icon\"><\/span>\n\t\t\t\t\t\t\t\t\t\t\t<\/a>\n\t\t\t\t\n\t\t\t\t\t\t\t\t\t<a rel=\"noopener noreferrer nofollow\" href=\"https:\/\/x.com\/share?url=https:\/\/tarologamargaridafernandes.com\/ritual-lua-aquario-peixes-liberta-cura-transforma\/\" target=\"_blank\" class=\" wd-social-icon social-twitter\" aria-label=\"X social link\">\n\t\t\t\t\t\t<span class=\"wd-icon\"><\/span>\n\t\t\t\t\t\t\t\t\t\t\t<\/a>\n\t\t\t\t\n\t\t\t\t\t\t\t\t\t<a rel=\"noopener noreferrer nofollow\" href=\"mailto:?subject=Check%20this%20https:\/\/tarologamargaridafernandes.com\/ritual-lua-aquario-peixes-liberta-cura-transforma\/\" target=\"_blank\" class=\" wd-social-icon social-email\" aria-label=\"Email social link\">\n\t\t\t\t\t\t<span class=\"wd-icon\"><\/span>\n\t\t\t\t\t\t\t\t\t\t\t<\/a>\n\t\t\t\t\n\t\t\t\t\n\t\t\t\t\n\t\t\t\t\n\t\t\t\t\n\t\t\t\t\n\t\t\t\t\n\t\t\t\t\n\t\t\t\t\n\t\t\t\t\n\t\t\t\t\n\t\t\t\t\n\t\t\t\t\n\t\t\t\t\n\t\t\t\t\t\t\t\t\t<a rel=\"noopener noreferrer nofollow\" href=\"https:\/\/api.whatsapp.com\/send?text=https%3A%2F%2Ftarologamargaridafernandes.com%2Fritual-lua-aquario-peixes-liberta-cura-transforma%2F\" target=\"_blank\" class=\"whatsapp-desktop  wd-social-icon social-whatsapp\" aria-label=\"WhatsApp social link\">\n\t\t\t\t\t\t<span class=\"wd-icon\"><\/span>\n\t\t\t\t\t\t\t\t\t\t\t<\/a>\n\t\t\t\t\t\n\t\t\t\t\t<a rel=\"noopener noreferrer nofollow\" href=\"whatsapp:\/\/send?text=https%3A%2F%2Ftarologamargaridafernandes.com%2Fritual-lua-aquario-peixes-liberta-cura-transforma%2F\" target=\"_blank\" class=\"whatsapp-mobile  wd-social-icon social-whatsapp\" aria-label=\"WhatsApp social link\">\n\t\t\t\t\t\t<span class=\"wd-icon\"><\/span>\n\t\t\t\t\t\t\t\t\t\t\t<\/a>\n\t\t\t\t\n\t\t\t\t\t\t\t\t\n\t\t\t\t\t\t\t\t\n\t\t\t\t\n\t\t\t\t\n\t\t\t\t\t\t\t\t\t<a rel=\"noopener noreferrer nofollow\" href=\"https:\/\/telegram.me\/share\/url?url=https:\/\/tarologamargaridafernandes.com\/ritual-lua-aquario-peixes-liberta-cura-transforma\/\" target=\"_blank\" class=\" wd-social-icon social-tg\" aria-label=\"Telegram social link\">\n\t\t\t\t\t\t<span class=\"wd-icon\"><\/span>\n\t\t\t\t\t\t\t\t\t\t\t<\/a>\n\t\t\t\t\t\t\t\t\n\t\t\t\t\n\t\t\t<\/div>\n\n\t\t\t\t\t\t\t\t\t<\/div>\n\t\t\t\t\t\t<\/div>\n\t\t\t\t\t\t\t\t\t\t\t\t\n\t\t\t\t\t\t\t\n\t\t\t\t                    <div class=\"entry-content wd-entry-content\">\n\t\t\t\t\t\tRitual da Lua Aqu\u00e1rio\u2013Peixes \u2013 Liberta, Cura e Transforma (27 de Novembro 2025)\r\nA transi\u00e7\u00e3o da Lua de Aqu\u00e1rio para Peixes, no dia 27 d...\n\t\t\t\t\t\t\t\t\t\t\t<\/div><!-- .entry-content -->\n\t\t\t\t\n\t\t\t\t\t\t\t\t\t\t\t\t\t\t<p class=\"read-more-section\">\n\t\t\t\t\t\t<a class=\"btn-read-more more-link\" href=\"https:\/\/tarologamargaridafernandes.com\/ritual-lua-aquario-peixes-liberta-cura-transforma\/\">Continua a ler<\/a>\t\t\t\t\t<\/p>\n\t\t\t\t\t\t\t\t\t\t\t\n\t\t\t\n\t\t\t\t\t<\/div>\n\t<\/div>\n<\/article><!-- #post -->\n\n\n\t\t\t\t\t\t\t\t\t\t\t\n<article id=\"post-79037\" class=\"wd-post blog-design-masonry blog-post-loop blog-style-flat wd-col post-79037 post type-post status-publish format-standard has-post-thumbnail hentry category-blog tag-alinhamento-energetico tag-cura-emocional tag-energia-11-11 tag-libertacao-energetica tag-portal-11-11 tag-portal-energetico tag-reprogramacao-espiritual tag-ritual-11-11 tag-ritual-espiritual tag-ritual-individual tag-tarologa-margarida-fernandes tag-trabalho-espiritual\">\n\t<div class=\"article-inner\">\n\t\t\t\t\t<header class=\"entry-header\">\n\t\t\t\t\t\t\t\t\t<figure id=\"carousel-521\" class=\"entry-thumbnail\">\n\t\t\t\t\t\t\n\t\t\t\t\t\t\t<div class=\"post-img-wrapp\">\n\t\t\t\t\t\t\t\t<a href=\"https:\/\/tarologamargaridafernandes.com\/ritual-portal-11-11-coracao-alinhado-caminhos-abertos\/\">\n\t\t\t\t\t\t\t\t\t<img width=\"800\" height=\"800\" src=\"https:\/\/tarologamargaridafernandes.com\/wp-content\/uploads\/2025\/11\/ritual-portal-11-11-coracao-alinhado-caminhos-abertos-margarida-fernandes.jpg-800x800.png\" class=\"attachment-large size-large\" alt=\"Ritual Portal 11\/11 \u2014 Cora\u00e7\u00e3o Alinhado, Caminhos Abertos por Tar\u00f3loga Margarida Fernandes\" decoding=\"async\" srcset=\"https:\/\/tarologamargaridafernandes.com\/wp-content\/uploads\/2025\/11\/ritual-portal-11-11-coracao-alinhado-caminhos-abertos-margarida-fernandes.jpg-800x800.png 800w, https:\/\/tarologamargaridafernandes.com\/wp-content\/uploads\/2025\/11\/ritual-portal-11-11-coracao-alinhado-caminhos-abertos-margarida-fernandes.jpg-300x300.png 300w, https:\/\/tarologamargaridafernandes.com\/wp-content\/uploads\/2025\/11\/ritual-portal-11-11-coracao-alinhado-caminhos-abertos-margarida-fernandes.jpg-150x150.png 150w, https:\/\/tarologamargaridafernandes.com\/wp-content\/uploads\/2025\/11\/ritual-portal-11-11-coracao-alinhado-caminhos-abertos-margarida-fernandes.jpg-768x768.png 768w, https:\/\/tarologamargaridafernandes.com\/wp-content\/uploads\/2025\/11\/ritual-portal-11-11-coracao-alinhado-caminhos-abertos-margarida-fernandes.jpg.png 1024w\" sizes=\"(max-width: 800px) 100vw, 800px\" \/>\t\t\t\t\t\t\t\t<\/a>\n\t\t\t\t\t\t\t<\/div>\n\t\t\t\t\t\t\t<div class=\"post-image-mask\">\n\t\t\t\t\t\t\t\t<span><\/span>\n\t\t\t\t\t\t\t<\/div>\n\n\t\t\t\t\t\t\n\t\t\t\t\t<\/figure>\n\t\t\t\t\n\t\t\t\t\t\t\t\t\t\t\t\t<div class=\"post-date wd-post-date wd-style-with-bg\">\n\t\t\t\t<span class=\"post-date-day\">\n\t\t\t\t\t07\t\t\t\t<\/span>\n\t\t\t\t<span class=\"post-date-month\">\n\t\t\t\t\tNov\t\t\t\t<\/span>\n\t\t\t<\/div>\n\t\t\t\t\t\t\n\t\t\t<\/header><!-- .entry-header -->\n\n\t\t<div class=\"article-body-container\">\n\t\t\t\n\t\t\t\t\t\t\t\t\t<div class=\"meta-categories-wrapp\"><div class=\"meta-post-categories wd-post-cat wd-style-with-bg\"><a href=\"https:\/\/tarologamargaridafernandes.com\/category\/blog\/\" rel=\"category tag\">Blog<\/a><\/div><\/div>\n\t\t\t\t\n\t\t\t\t\t\t\t\t\t<h3 class=\"wd-entities-title title post-title\">\n\t\t\t\t\t\t<a href=\"https:\/\/tarologamargaridafernandes.com\/ritual-portal-11-11-coracao-alinhado-caminhos-abertos\/\" rel=\"bookmark\">Ritual Portal 11\/11 \u2014 Cora\u00e7\u00e3o Alinhado, Caminhos Abertos<\/a>\n\t\t\t\t\t<\/h3>\n\t\t\t\t\n\t\t\t\t\t\t\t\t\t<div class=\"entry-meta wd-entry-meta\">\n\t\t\t\t\t\t\t\t\t<ul class=\"entry-meta-list\">\n\t\t\t\t\t\t\t\t\t<li class=\"modified-date\">\n\t\t\t\t\t\t\t\t<time class=\"updated\" datetime=\"2025-11-07T16:22:47+01:00\">\n\t\t\tNovembro 7, 2025\t\t<\/time>\n\t\t\t\t\t\t\t<\/li>\n\n\t\t\t\t\t\n\t\t\t\t\t\t\t\t\t\t\t<li class=\"meta-author\">\n\t\t\t\t\t\t\t\t\t\t\t\t<span>Por<\/span>\n\t\t\n\t\t\t\t\t<img src=\"https:\/\/tarologamargaridafernandes.com\/wp-content\/uploads\/2024\/06\/avatar-magui-150x150.jpg\" srcset=\"https:\/\/tarologamargaridafernandes.com\/wp-content\/uploads\/2024\/06\/avatar-magui-150x150.jpg 2x\" width=\"32\" height=\"32\" alt=\"author-avatar\" class=\"avatar avatar-32 wp-user-avatar wp-user-avatar-32 photo avatar-default\" \/>\t\t\n\t\t<a href=\"https:\/\/tarologamargaridafernandes.com\/author\/magui\/\" rel=\"author\">\n\t\t\t<span class=\"vcard author author_name\">\n\t\t\t\t<span class=\"fn\">Magui<\/span>\n\t\t\t<\/span>\n\t\t<\/a>\n\t\t\t\t\t\t\t\t<\/li>\n\t\t\t\t\t\n\t\t\t\t\t\n\t\t\t\t\t\t\t\t\t\t\t<li class=\"meta-reply\">\n\t\t\t\t\t\t\t<a href=\"https:\/\/tarologamargaridafernandes.com\/ritual-portal-11-11-coracao-alinhado-caminhos-abertos\/#respond\"><span class=\"replies-count\">0<\/span> <span class=\"replies-count-label\">comments<\/span><\/a>\t\t\t\t\t\t<\/li>\n\t\t\t\t\t\t\t\t\t\t\t\t<\/ul>\n\t\t\t\t\t\t\t<\/div><!-- .entry-meta -->\n\t\t\t\t\t\t\t\t\t\t\t<div class=\"hovered-social-icons wd-tltp wd-tltp-top\">\n\t\t\t\t\t\t\t<div class=\"wd-tooltip-label\">\n\t\t\t\t\t\t\t\t\n\t\t\t<div class=\" wd-social-icons icons-design-default icons-size-small color-scheme-light social-share social-form-circle text-center\">\n\n\t\t\t\t\n\t\t\t\t\t\t\t\t\t<a rel=\"noopener noreferrer nofollow\" href=\"https:\/\/www.facebook.com\/sharer\/sharer.php?u=https:\/\/tarologamargaridafernandes.com\/ritual-portal-11-11-coracao-alinhado-caminhos-abertos\/\" target=\"_blank\" class=\" wd-social-icon social-facebook\" aria-label=\"Facebook social link\">\n\t\t\t\t\t\t<span class=\"wd-icon\"><\/span>\n\t\t\t\t\t\t\t\t\t\t\t<\/a>\n\t\t\t\t\n\t\t\t\t\t\t\t\t\t<a rel=\"noopener noreferrer nofollow\" href=\"https:\/\/x.com\/share?url=https:\/\/tarologamargaridafernandes.com\/ritual-portal-11-11-coracao-alinhado-caminhos-abertos\/\" target=\"_blank\" class=\" wd-social-icon social-twitter\" aria-label=\"X social link\">\n\t\t\t\t\t\t<span class=\"wd-icon\"><\/span>\n\t\t\t\t\t\t\t\t\t\t\t<\/a>\n\t\t\t\t\n\t\t\t\t\t\t\t\t\t<a rel=\"noopener noreferrer nofollow\" href=\"mailto:?subject=Check%20this%20https:\/\/tarologamargaridafernandes.com\/ritual-portal-11-11-coracao-alinhado-caminhos-abertos\/\" target=\"_blank\" class=\" wd-social-icon social-email\" aria-label=\"Email social link\">\n\t\t\t\t\t\t<span class=\"wd-icon\"><\/span>\n\t\t\t\t\t\t\t\t\t\t\t<\/a>\n\t\t\t\t\n\t\t\t\t\n\t\t\t\t\n\t\t\t\t\n\t\t\t\t\n\t\t\t\t\n\t\t\t\t\n\t\t\t\t\n\t\t\t\t\n\t\t\t\t\n\t\t\t\t\n\t\t\t\t\n\t\t\t\t\n\t\t\t\t\n\t\t\t\t\t\t\t\t\t<a rel=\"noopener noreferrer nofollow\" href=\"https:\/\/api.whatsapp.com\/send?text=https%3A%2F%2Ftarologamargaridafernandes.com%2Fritual-portal-11-11-coracao-alinhado-caminhos-abertos%2F\" target=\"_blank\" class=\"whatsapp-desktop  wd-social-icon social-whatsapp\" aria-label=\"WhatsApp social link\">\n\t\t\t\t\t\t<span class=\"wd-icon\"><\/span>\n\t\t\t\t\t\t\t\t\t\t\t<\/a>\n\t\t\t\t\t\n\t\t\t\t\t<a rel=\"noopener noreferrer nofollow\" href=\"whatsapp:\/\/send?text=https%3A%2F%2Ftarologamargaridafernandes.com%2Fritual-portal-11-11-coracao-alinhado-caminhos-abertos%2F\" target=\"_blank\" class=\"whatsapp-mobile  wd-social-icon social-whatsapp\" aria-label=\"WhatsApp social link\">\n\t\t\t\t\t\t<span class=\"wd-icon\"><\/span>\n\t\t\t\t\t\t\t\t\t\t\t<\/a>\n\t\t\t\t\n\t\t\t\t\t\t\t\t\n\t\t\t\t\t\t\t\t\n\t\t\t\t\n\t\t\t\t\n\t\t\t\t\t\t\t\t\t<a rel=\"noopener noreferrer nofollow\" href=\"https:\/\/telegram.me\/share\/url?url=https:\/\/tarologamargaridafernandes.com\/ritual-portal-11-11-coracao-alinhado-caminhos-abertos\/\" target=\"_blank\" class=\" wd-social-icon social-tg\" aria-label=\"Telegram social link\">\n\t\t\t\t\t\t<span class=\"wd-icon\"><\/span>\n\t\t\t\t\t\t\t\t\t\t\t<\/a>\n\t\t\t\t\t\t\t\t\n\t\t\t\t\n\t\t\t<\/div>\n\n\t\t\t\t\t\t\t\t\t<\/div>\n\t\t\t\t\t\t<\/div>\n\t\t\t\t\t\t\t\t\t\t\t\t\n\t\t\t\t\t\t\t\n\t\t\t\t                    <div class=\"entry-content wd-entry-content\">\n\t\t\t\t\t\tRitual Portal 11\/11 \u2014 Cora\u00e7\u00e3o Alinhado, Caminhos Abertos\r\nPor Tar\u00f3loga Margarida Fernandes\r\nH\u00e1 datas que carregam uma energia t\u00e3o inten...\n\t\t\t\t\t\t\t\t\t\t\t<\/div><!-- .entry-content -->\n\t\t\t\t\n\t\t\t\t\t\t\t\t\t\t\t\t\t\t<p class=\"read-more-section\">\n\t\t\t\t\t\t<a class=\"btn-read-more more-link\" href=\"https:\/\/tarologamargaridafernandes.com\/ritual-portal-11-11-coracao-alinhado-caminhos-abertos\/\">Continua a ler<\/a>\t\t\t\t\t<\/p>\n\t\t\t\t\t\t\t\t\t\t\t\n\t\t\t\n\t\t\t\t\t<\/div>\n\t<\/div>\n<\/article><!-- #post -->\n\n\n\t\t\t\t\t\t\t\t\t\t\t\n<article id=\"post-78942\" class=\"wd-post blog-design-masonry blog-post-loop blog-style-flat wd-col post-78942 post type-post status-publish format-standard has-post-thumbnail hentry category-blog tag-canalizacao-espiritual tag-conexao-espiritual tag-cura-espiritual tag-espiritualidade-e-cura-emocional tag-espiritualidade-pratica tag-libertar-emocoes tag-ligacao-entre-almas tag-lua-em-peixes tag-lua-quarto-crescente-2025 tag-lua-quarto-crescente-em-peixes tag-mensagens-do-alem tag-reencontro-com-entes-queridos tag-reencontro-de-almas tag-rituais-esotericos tag-ritual-com-animais tag-ritual-com-sigilo tag-ritual-de-outubro tag-ritual-de-reencontro-de-almas tag-ritual-espiritual tag-ritual-espiritual-outubro-2025 tag-ritual-outubro-2025 tag-ritual-para-saudades tag-ritual-para-sentir-paz tag-tarologa-margarida-fernandes tag-trabalho-espiritual\">\n\t<div class=\"article-inner\">\n\t\t\t\t\t<header class=\"entry-header\">\n\t\t\t\t\t\t\t\t\t<figure id=\"carousel-653\" class=\"entry-thumbnail\">\n\t\t\t\t\t\t\n\t\t\t\t\t\t\t<div class=\"post-img-wrapp\">\n\t\t\t\t\t\t\t\t<a href=\"https:\/\/tarologamargaridafernandes.com\/ritual-reencontro-de-almas-31-outubro-2025\/\">\n\t\t\t\t\t\t\t\t\t<img width=\"800\" height=\"800\" src=\"https:\/\/tarologamargaridafernandes.com\/wp-content\/uploads\/2025\/10\/ritual-reencontro-de-almas-lua-quarto-crescente-peixes-31-outubro-2025-2-800x800.png\" class=\"attachment-large size-large\" alt=\"Imagem do Ritual de Reencontro de Almas realizado por Tar\u00f3loga Margarida Fernandes, na noite de 31 de Outubro de 2025, durante a Lua Quarto Crescente em Peixes.\" decoding=\"async\" srcset=\"https:\/\/tarologamargaridafernandes.com\/wp-content\/uploads\/2025\/10\/ritual-reencontro-de-almas-lua-quarto-crescente-peixes-31-outubro-2025-2-800x800.png 800w, https:\/\/tarologamargaridafernandes.com\/wp-content\/uploads\/2025\/10\/ritual-reencontro-de-almas-lua-quarto-crescente-peixes-31-outubro-2025-2-300x300.png 300w, https:\/\/tarologamargaridafernandes.com\/wp-content\/uploads\/2025\/10\/ritual-reencontro-de-almas-lua-quarto-crescente-peixes-31-outubro-2025-2-150x150.png 150w, https:\/\/tarologamargaridafernandes.com\/wp-content\/uploads\/2025\/10\/ritual-reencontro-de-almas-lua-quarto-crescente-peixes-31-outubro-2025-2-768x768.png 768w, https:\/\/tarologamargaridafernandes.com\/wp-content\/uploads\/2025\/10\/ritual-reencontro-de-almas-lua-quarto-crescente-peixes-31-outubro-2025-2.png 1024w\" sizes=\"(max-width: 800px) 100vw, 800px\" \/>\t\t\t\t\t\t\t\t<\/a>\n\t\t\t\t\t\t\t<\/div>\n\t\t\t\t\t\t\t<div class=\"post-image-mask\">\n\t\t\t\t\t\t\t\t<span><\/span>\n\t\t\t\t\t\t\t<\/div>\n\n\t\t\t\t\t\t\n\t\t\t\t\t<\/figure>\n\t\t\t\t\n\t\t\t\t\t\t\t\t\t\t\t\t<div class=\"post-date wd-post-date wd-style-with-bg\">\n\t\t\t\t<span class=\"post-date-day\">\n\t\t\t\t\t28\t\t\t\t<\/span>\n\t\t\t\t<span class=\"post-date-month\">\n\t\t\t\t\tOut\t\t\t\t<\/span>\n\t\t\t<\/div>\n\t\t\t\t\t\t\n\t\t\t<\/header><!-- .entry-header -->\n\n\t\t<div class=\"article-body-container\">\n\t\t\t\n\t\t\t\t\t\t\t\t\t<div class=\"meta-categories-wrapp\"><div class=\"meta-post-categories wd-post-cat wd-style-with-bg\"><a href=\"https:\/\/tarologamargaridafernandes.com\/category\/blog\/\" rel=\"category tag\">Blog<\/a><\/div><\/div>\n\t\t\t\t\n\t\t\t\t\t\t\t\t\t<h3 class=\"wd-entities-title title post-title\">\n\t\t\t\t\t\t<a href=\"https:\/\/tarologamargaridafernandes.com\/ritual-reencontro-de-almas-31-outubro-2025\/\" rel=\"bookmark\">Ritual de Reencontro de Almas \u2013 Lua Quarto Crescente em Peixes, 31 de Outubro de 2025<\/a>\n\t\t\t\t\t<\/h3>\n\t\t\t\t\n\t\t\t\t\t\t\t\t\t<div class=\"entry-meta wd-entry-meta\">\n\t\t\t\t\t\t\t\t\t<ul class=\"entry-meta-list\">\n\t\t\t\t\t\t\t\t\t<li class=\"modified-date\">\n\t\t\t\t\t\t\t\t<time class=\"updated\" datetime=\"2025-10-28T12:46:29+01:00\">\n\t\t\tOutubro 28, 2025\t\t<\/time>\n\t\t\t\t\t\t\t<\/li>\n\n\t\t\t\t\t\n\t\t\t\t\t\t\t\t\t\t\t<li class=\"meta-author\">\n\t\t\t\t\t\t\t\t\t\t\t\t<span>Por<\/span>\n\t\t\n\t\t\t\t\t<img src=\"https:\/\/tarologamargaridafernandes.com\/wp-content\/uploads\/2024\/06\/avatar-magui-150x150.jpg\" srcset=\"https:\/\/tarologamargaridafernandes.com\/wp-content\/uploads\/2024\/06\/avatar-magui-150x150.jpg 2x\" width=\"32\" height=\"32\" alt=\"author-avatar\" class=\"avatar avatar-32 wp-user-avatar wp-user-avatar-32 photo avatar-default\" \/>\t\t\n\t\t<a href=\"https:\/\/tarologamargaridafernandes.com\/author\/magui\/\" rel=\"author\">\n\t\t\t<span class=\"vcard author author_name\">\n\t\t\t\t<span class=\"fn\">Magui<\/span>\n\t\t\t<\/span>\n\t\t<\/a>\n\t\t\t\t\t\t\t\t<\/li>\n\t\t\t\t\t\n\t\t\t\t\t\n\t\t\t\t\t\t\t\t\t\t\t<li class=\"meta-reply\">\n\t\t\t\t\t\t\t<a href=\"https:\/\/tarologamargaridafernandes.com\/ritual-reencontro-de-almas-31-outubro-2025\/#respond\"><span class=\"replies-count\">0<\/span> <span class=\"replies-count-label\">comments<\/span><\/a>\t\t\t\t\t\t<\/li>\n\t\t\t\t\t\t\t\t\t\t\t\t<\/ul>\n\t\t\t\t\t\t\t<\/div><!-- .entry-meta -->\n\t\t\t\t\t\t\t\t\t\t\t<div class=\"hovered-social-icons wd-tltp wd-tltp-top\">\n\t\t\t\t\t\t\t<div class=\"wd-tooltip-label\">\n\t\t\t\t\t\t\t\t\n\t\t\t<div class=\" wd-social-icons icons-design-default icons-size-small color-scheme-light social-share social-form-circle text-center\">\n\n\t\t\t\t\n\t\t\t\t\t\t\t\t\t<a rel=\"noopener noreferrer nofollow\" href=\"https:\/\/www.facebook.com\/sharer\/sharer.php?u=https:\/\/tarologamargaridafernandes.com\/ritual-reencontro-de-almas-31-outubro-2025\/\" target=\"_blank\" class=\" wd-social-icon social-facebook\" aria-label=\"Facebook social link\">\n\t\t\t\t\t\t<span class=\"wd-icon\"><\/span>\n\t\t\t\t\t\t\t\t\t\t\t<\/a>\n\t\t\t\t\n\t\t\t\t\t\t\t\t\t<a rel=\"noopener noreferrer nofollow\" href=\"https:\/\/x.com\/share?url=https:\/\/tarologamargaridafernandes.com\/ritual-reencontro-de-almas-31-outubro-2025\/\" target=\"_blank\" class=\" wd-social-icon social-twitter\" aria-label=\"X social link\">\n\t\t\t\t\t\t<span class=\"wd-icon\"><\/span>\n\t\t\t\t\t\t\t\t\t\t\t<\/a>\n\t\t\t\t\n\t\t\t\t\t\t\t\t\t<a rel=\"noopener noreferrer nofollow\" href=\"mailto:?subject=Check%20this%20https:\/\/tarologamargaridafernandes.com\/ritual-reencontro-de-almas-31-outubro-2025\/\" target=\"_blank\" class=\" wd-social-icon social-email\" aria-label=\"Email social link\">\n\t\t\t\t\t\t<span class=\"wd-icon\"><\/span>\n\t\t\t\t\t\t\t\t\t\t\t<\/a>\n\t\t\t\t\n\t\t\t\t\n\t\t\t\t\n\t\t\t\t\n\t\t\t\t\n\t\t\t\t\n\t\t\t\t\n\t\t\t\t\n\t\t\t\t\n\t\t\t\t\n\t\t\t\t\n\t\t\t\t\n\t\t\t\t\n\t\t\t\t\n\t\t\t\t\t\t\t\t\t<a rel=\"noopener noreferrer nofollow\" href=\"https:\/\/api.whatsapp.com\/send?text=https%3A%2F%2Ftarologamargaridafernandes.com%2Fritual-reencontro-de-almas-31-outubro-2025%2F\" target=\"_blank\" class=\"whatsapp-desktop  wd-social-icon social-whatsapp\" aria-label=\"WhatsApp social link\">\n\t\t\t\t\t\t<span class=\"wd-icon\"><\/span>\n\t\t\t\t\t\t\t\t\t\t\t<\/a>\n\t\t\t\t\t\n\t\t\t\t\t<a rel=\"noopener noreferrer nofollow\" href=\"whatsapp:\/\/send?text=https%3A%2F%2Ftarologamargaridafernandes.com%2Fritual-reencontro-de-almas-31-outubro-2025%2F\" target=\"_blank\" class=\"whatsapp-mobile  wd-social-icon social-whatsapp\" aria-label=\"WhatsApp social link\">\n\t\t\t\t\t\t<span class=\"wd-icon\"><\/span>\n\t\t\t\t\t\t\t\t\t\t\t<\/a>\n\t\t\t\t\n\t\t\t\t\t\t\t\t\n\t\t\t\t\t\t\t\t\n\t\t\t\t\n\t\t\t\t\n\t\t\t\t\t\t\t\t\t<a rel=\"noopener noreferrer nofollow\" href=\"https:\/\/telegram.me\/share\/url?url=https:\/\/tarologamargaridafernandes.com\/ritual-reencontro-de-almas-31-outubro-2025\/\" target=\"_blank\" class=\" wd-social-icon social-tg\" aria-label=\"Telegram social link\">\n\t\t\t\t\t\t<span class=\"wd-icon\"><\/span>\n\t\t\t\t\t\t\t\t\t\t\t<\/a>\n\t\t\t\t\t\t\t\t\n\t\t\t\t\n\t\t\t<\/div>\n\n\t\t\t\t\t\t\t\t\t<\/div>\n\t\t\t\t\t\t<\/div>\n\t\t\t\t\t\t\t\t\t\t\t\t\n\t\t\t\t\t\t\t\n\t\t\t\t                    <div class=\"entry-content wd-entry-content\">\n\t\t\t\t\t\t\r\n\r\n\r\n\r\nH\u00e1 presen\u00e7as que continuam a habitar o nosso cora\u00e7\u00e3o, mesmo quando j\u00e1 n\u00e3o est\u00e3o fisica...\n\t\t\t\t\t\t\t\t\t\t\t<\/div><!-- .entry-content -->\n\t\t\t\t\n\t\t\t\t\t\t\t\t\t\t\t\t\t\t<p class=\"read-more-section\">\n\t\t\t\t\t\t<a class=\"btn-read-more more-link\" href=\"https:\/\/tarologamargaridafernandes.com\/ritual-reencontro-de-almas-31-outubro-2025\/\">Continua a ler<\/a>\t\t\t\t\t<\/p>\n\t\t\t\t\t\t\t\t\t\t\t\n\t\t\t\n\t\t\t\t\t<\/div>\n\t<\/div>\n<\/article><!-- #post -->\n\n\n\t\t\t\t\t\t\t\t\t\t\t\n<article id=\"post-78866\" class=\"wd-post blog-design-masonry blog-post-loop blog-style-flat wd-col post-78866 post type-post status-publish format-standard has-post-thumbnail hentry category-blog tag-amor-e-relacionamentos tag-astrologia-e-espiritualidade tag-desenvolvimento-pessoal tag-energia-feminina tag-energia-lunar tag-equilibrio-energetico tag-espiritualidade-pratica tag-harmonia-interior tag-lua-nova-em-balanca tag-lua-nova-em-libra tag-recomeco-espiritual tag-ritual-da-lua-nova tag-ritual-de-renovacao tag-ritual-espiritual tag-tarologa-margarida-fernandes\">\n\t<div class=\"article-inner\">\n\t\t\t\t\t<header class=\"entry-header\">\n\t\t\t\t\t\t\t\t\t<figure id=\"carousel-787\" class=\"entry-thumbnail\">\n\t\t\t\t\t\t\n\t\t\t\t\t\t\t<div class=\"post-img-wrapp\">\n\t\t\t\t\t\t\t\t<a href=\"https:\/\/tarologamargaridafernandes.com\/ritual-lua-nova-balanca-libra-21-outubro-2025\/\">\n\t\t\t\t\t\t\t\t\t<img width=\"800\" height=\"800\" src=\"https:\/\/tarologamargaridafernandes.com\/wp-content\/uploads\/2025\/10\/ritual-lua-nova-balanca-libra-tarologa-margarida-fernandes.jpg-800x800.png\" class=\"attachment-large size-large\" alt=\"Imagem m\u00edstica do Ritual da Lua Nova em Balan\u00e7a\/Libra \u2013 Tar\u00f3loga Margarida Fernandes\" decoding=\"async\" srcset=\"https:\/\/tarologamargaridafernandes.com\/wp-content\/uploads\/2025\/10\/ritual-lua-nova-balanca-libra-tarologa-margarida-fernandes.jpg-800x800.png 800w, https:\/\/tarologamargaridafernandes.com\/wp-content\/uploads\/2025\/10\/ritual-lua-nova-balanca-libra-tarologa-margarida-fernandes.jpg-300x300.png 300w, https:\/\/tarologamargaridafernandes.com\/wp-content\/uploads\/2025\/10\/ritual-lua-nova-balanca-libra-tarologa-margarida-fernandes.jpg-150x150.png 150w, https:\/\/tarologamargaridafernandes.com\/wp-content\/uploads\/2025\/10\/ritual-lua-nova-balanca-libra-tarologa-margarida-fernandes.jpg-768x768.png 768w, https:\/\/tarologamargaridafernandes.com\/wp-content\/uploads\/2025\/10\/ritual-lua-nova-balanca-libra-tarologa-margarida-fernandes.jpg.png 1024w\" sizes=\"(max-width: 800px) 100vw, 800px\" \/>\t\t\t\t\t\t\t\t<\/a>\n\t\t\t\t\t\t\t<\/div>\n\t\t\t\t\t\t\t<div class=\"post-image-mask\">\n\t\t\t\t\t\t\t\t<span><\/span>\n\t\t\t\t\t\t\t<\/div>\n\n\t\t\t\t\t\t\n\t\t\t\t\t<\/figure>\n\t\t\t\t\n\t\t\t\t\t\t\t\t\t\t\t\t<div class=\"post-date wd-post-date wd-style-with-bg\">\n\t\t\t\t<span class=\"post-date-day\">\n\t\t\t\t\t16\t\t\t\t<\/span>\n\t\t\t\t<span class=\"post-date-month\">\n\t\t\t\t\tOut\t\t\t\t<\/span>\n\t\t\t<\/div>\n\t\t\t\t\t\t\n\t\t\t<\/header><!-- .entry-header -->\n\n\t\t<div class=\"article-body-container\">\n\t\t\t\n\t\t\t\t\t\t\t\t\t<div class=\"meta-categories-wrapp\"><div class=\"meta-post-categories wd-post-cat wd-style-with-bg\"><a href=\"https:\/\/tarologamargaridafernandes.com\/category\/blog\/\" rel=\"category tag\">Blog<\/a><\/div><\/div>\n\t\t\t\t\n\t\t\t\t\t\t\t\t\t<h3 class=\"wd-entities-title title post-title\">\n\t\t\t\t\t\t<a href=\"https:\/\/tarologamargaridafernandes.com\/ritual-lua-nova-balanca-libra-21-outubro-2025\/\" rel=\"bookmark\">Ritual da Lua Nova em Balan\u00e7a\/Libra \u2013 21 de Outubro de 2025<\/a>\n\t\t\t\t\t<\/h3>\n\t\t\t\t\n\t\t\t\t\t\t\t\t\t<div class=\"entry-meta wd-entry-meta\">\n\t\t\t\t\t\t\t\t\t<ul class=\"entry-meta-list\">\n\t\t\t\t\t\t\t\t\t<li class=\"modified-date\">\n\t\t\t\t\t\t\t\t<time class=\"updated\" datetime=\"2025-10-16T16:07:24+01:00\">\n\t\t\tOutubro 16, 2025\t\t<\/time>\n\t\t\t\t\t\t\t<\/li>\n\n\t\t\t\t\t\n\t\t\t\t\t\t\t\t\t\t\t<li class=\"meta-author\">\n\t\t\t\t\t\t\t\t\t\t\t\t<span>Por<\/span>\n\t\t\n\t\t\t\t\t<img src=\"https:\/\/tarologamargaridafernandes.com\/wp-content\/uploads\/2024\/06\/avatar-magui-150x150.jpg\" srcset=\"https:\/\/tarologamargaridafernandes.com\/wp-content\/uploads\/2024\/06\/avatar-magui-150x150.jpg 2x\" width=\"32\" height=\"32\" alt=\"author-avatar\" class=\"avatar avatar-32 wp-user-avatar wp-user-avatar-32 photo avatar-default\" \/>\t\t\n\t\t<a href=\"https:\/\/tarologamargaridafernandes.com\/author\/magui\/\" rel=\"author\">\n\t\t\t<span class=\"vcard author author_name\">\n\t\t\t\t<span class=\"fn\">Magui<\/span>\n\t\t\t<\/span>\n\t\t<\/a>\n\t\t\t\t\t\t\t\t<\/li>\n\t\t\t\t\t\n\t\t\t\t\t\n\t\t\t\t\t\t\t\t\t\t\t<li class=\"meta-reply\">\n\t\t\t\t\t\t\t<a href=\"https:\/\/tarologamargaridafernandes.com\/ritual-lua-nova-balanca-libra-21-outubro-2025\/#respond\"><span class=\"replies-count\">0<\/span> <span class=\"replies-count-label\">comments<\/span><\/a>\t\t\t\t\t\t<\/li>\n\t\t\t\t\t\t\t\t\t\t\t\t<\/ul>\n\t\t\t\t\t\t\t<\/div><!-- .entry-meta -->\n\t\t\t\t\t\t\t\t\t\t\t<div class=\"hovered-social-icons wd-tltp wd-tltp-top\">\n\t\t\t\t\t\t\t<div class=\"wd-tooltip-label\">\n\t\t\t\t\t\t\t\t\n\t\t\t<div class=\" wd-social-icons icons-design-default icons-size-small color-scheme-light social-share social-form-circle text-center\">\n\n\t\t\t\t\n\t\t\t\t\t\t\t\t\t<a rel=\"noopener noreferrer nofollow\" href=\"https:\/\/www.facebook.com\/sharer\/sharer.php?u=https:\/\/tarologamargaridafernandes.com\/ritual-lua-nova-balanca-libra-21-outubro-2025\/\" target=\"_blank\" class=\" wd-social-icon social-facebook\" aria-label=\"Facebook social link\">\n\t\t\t\t\t\t<span class=\"wd-icon\"><\/span>\n\t\t\t\t\t\t\t\t\t\t\t<\/a>\n\t\t\t\t\n\t\t\t\t\t\t\t\t\t<a rel=\"noopener noreferrer nofollow\" href=\"https:\/\/x.com\/share?url=https:\/\/tarologamargaridafernandes.com\/ritual-lua-nova-balanca-libra-21-outubro-2025\/\" target=\"_blank\" class=\" wd-social-icon social-twitter\" aria-label=\"X social link\">\n\t\t\t\t\t\t<span class=\"wd-icon\"><\/span>\n\t\t\t\t\t\t\t\t\t\t\t<\/a>\n\t\t\t\t\n\t\t\t\t\t\t\t\t\t<a rel=\"noopener noreferrer nofollow\" href=\"mailto:?subject=Check%20this%20https:\/\/tarologamargaridafernandes.com\/ritual-lua-nova-balanca-libra-21-outubro-2025\/\" target=\"_blank\" class=\" wd-social-icon social-email\" aria-label=\"Email social link\">\n\t\t\t\t\t\t<span class=\"wd-icon\"><\/span>\n\t\t\t\t\t\t\t\t\t\t\t<\/a>\n\t\t\t\t\n\t\t\t\t\n\t\t\t\t\n\t\t\t\t\n\t\t\t\t\n\t\t\t\t\n\t\t\t\t\n\t\t\t\t\n\t\t\t\t\n\t\t\t\t\n\t\t\t\t\n\t\t\t\t\n\t\t\t\t\n\t\t\t\t\n\t\t\t\t\t\t\t\t\t<a rel=\"noopener noreferrer nofollow\" href=\"https:\/\/api.whatsapp.com\/send?text=https%3A%2F%2Ftarologamargaridafernandes.com%2Fritual-lua-nova-balanca-libra-21-outubro-2025%2F\" target=\"_blank\" class=\"whatsapp-desktop  wd-social-icon social-whatsapp\" aria-label=\"WhatsApp social link\">\n\t\t\t\t\t\t<span class=\"wd-icon\"><\/span>\n\t\t\t\t\t\t\t\t\t\t\t<\/a>\n\t\t\t\t\t\n\t\t\t\t\t<a rel=\"noopener noreferrer nofollow\" href=\"whatsapp:\/\/send?text=https%3A%2F%2Ftarologamargaridafernandes.com%2Fritual-lua-nova-balanca-libra-21-outubro-2025%2F\" target=\"_blank\" class=\"whatsapp-mobile  wd-social-icon social-whatsapp\" aria-label=\"WhatsApp social link\">\n\t\t\t\t\t\t<span class=\"wd-icon\"><\/span>\n\t\t\t\t\t\t\t\t\t\t\t<\/a>\n\t\t\t\t\n\t\t\t\t\t\t\t\t\n\t\t\t\t\t\t\t\t\n\t\t\t\t\n\t\t\t\t\n\t\t\t\t\t\t\t\t\t<a rel=\"noopener noreferrer nofollow\" href=\"https:\/\/telegram.me\/share\/url?url=https:\/\/tarologamargaridafernandes.com\/ritual-lua-nova-balanca-libra-21-outubro-2025\/\" target=\"_blank\" class=\" wd-social-icon social-tg\" aria-label=\"Telegram social link\">\n\t\t\t\t\t\t<span class=\"wd-icon\"><\/span>\n\t\t\t\t\t\t\t\t\t\t\t<\/a>\n\t\t\t\t\t\t\t\t\n\t\t\t\t\n\t\t\t<\/div>\n\n\t\t\t\t\t\t\t\t\t<\/div>\n\t\t\t\t\t\t<\/div>\n\t\t\t\t\t\t\t\t\t\t\t\t\n\t\t\t\t\t\t\t\n\t\t\t\t                    <div class=\"entry-content wd-entry-content\">\n\t\t\t\t\t\t\r\n\r\n\r\n\r\nDepois de um ciclo intenso de limpezas, eclipses e transforma\u00e7\u00f5es, chega a Lua Nova em...\n\t\t\t\t\t\t\t\t\t\t\t<\/div><!-- .entry-content -->\n\t\t\t\t\n\t\t\t\t\t\t\t\t\t\t\t\t\t\t<p class=\"read-more-section\">\n\t\t\t\t\t\t<a class=\"btn-read-more more-link\" href=\"https:\/\/tarologamargaridafernandes.com\/ritual-lua-nova-balanca-libra-21-outubro-2025\/\">Continua a ler<\/a>\t\t\t\t\t<\/p>\n\t\t\t\t\t\t\t\t\t\t\t\n\t\t\t\n\t\t\t\t\t<\/div>\n\t<\/div>\n<\/article><!-- #post -->\n\n\n\t\t\t\t\t\t\t\t\t\t\t\n<article id=\"post-78845\" class=\"wd-post blog-design-masonry blog-post-loop blog-style-flat wd-col post-78845 post type-post status-publish format-standard has-post-thumbnail hentry category-blog tag-alinhamento-vibracional tag-cura-espiritual tag-desenvolvimento-espiritual tag-energia-espiritual tag-energia-feminina tag-lua-minguante-outubro-2025 tag-magui tag-rituais-da-lua tag-ritual-da-lua-minguante tag-ritual-espiritual tag-tarologa-margarida-fernandes tag-transmutacao-energetica\">\n\t<div class=\"article-inner\">\n\t\t\t\t\t<header class=\"entry-header\">\n\t\t\t\t\t\t\t\t\t<figure id=\"carousel-977\" class=\"entry-thumbnail\">\n\t\t\t\t\t\t\n\t\t\t\t\t\t\t<div class=\"post-img-wrapp\">\n\t\t\t\t\t\t\t\t<a href=\"https:\/\/tarologamargaridafernandes.com\/ritual-da-transmutacao-e-alinhamento-vibracional-lua-minguante-de-13-de-outubro-de-2025\/\">\n\t\t\t\t\t\t\t\t\t<img width=\"800\" height=\"800\" src=\"https:\/\/tarologamargaridafernandes.com\/wp-content\/uploads\/2025\/10\/ritual-da-transmutacao-e-alinhamento-vibracional-lua-minguante-13-outubro-2025.jpg-800x800.png\" class=\"attachment-large size-large\" alt=\"Ritual da Transmuta\u00e7\u00e3o e Alinhamento Vibracional com a Tar\u00f3loga Margarida Fernandes, realizado na noite de 13 para 14 de Outubro de 2025, durante a Lua Minguante em transi\u00e7\u00e3o de Caranguejo para Le\u00e3o.\" decoding=\"async\" srcset=\"https:\/\/tarologamargaridafernandes.com\/wp-content\/uploads\/2025\/10\/ritual-da-transmutacao-e-alinhamento-vibracional-lua-minguante-13-outubro-2025.jpg-800x800.png 800w, https:\/\/tarologamargaridafernandes.com\/wp-content\/uploads\/2025\/10\/ritual-da-transmutacao-e-alinhamento-vibracional-lua-minguante-13-outubro-2025.jpg-300x300.png 300w, https:\/\/tarologamargaridafernandes.com\/wp-content\/uploads\/2025\/10\/ritual-da-transmutacao-e-alinhamento-vibracional-lua-minguante-13-outubro-2025.jpg-150x150.png 150w, https:\/\/tarologamargaridafernandes.com\/wp-content\/uploads\/2025\/10\/ritual-da-transmutacao-e-alinhamento-vibracional-lua-minguante-13-outubro-2025.jpg-768x768.png 768w, https:\/\/tarologamargaridafernandes.com\/wp-content\/uploads\/2025\/10\/ritual-da-transmutacao-e-alinhamento-vibracional-lua-minguante-13-outubro-2025.jpg.png 1024w\" sizes=\"(max-width: 800px) 100vw, 800px\" \/>\t\t\t\t\t\t\t\t<\/a>\n\t\t\t\t\t\t\t<\/div>\n\t\t\t\t\t\t\t<div class=\"post-image-mask\">\n\t\t\t\t\t\t\t\t<span><\/span>\n\t\t\t\t\t\t\t<\/div>\n\n\t\t\t\t\t\t\n\t\t\t\t\t<\/figure>\n\t\t\t\t\n\t\t\t\t\t\t\t\t\t\t\t\t<div class=\"post-date wd-post-date wd-style-with-bg\">\n\t\t\t\t<span class=\"post-date-day\">\n\t\t\t\t\t09\t\t\t\t<\/span>\n\t\t\t\t<span class=\"post-date-month\">\n\t\t\t\t\tOut\t\t\t\t<\/span>\n\t\t\t<\/div>\n\t\t\t\t\t\t\n\t\t\t<\/header><!-- .entry-header -->\n\n\t\t<div class=\"article-body-container\">\n\t\t\t\n\t\t\t\t\t\t\t\t\t<div class=\"meta-categories-wrapp\"><div class=\"meta-post-categories wd-post-cat wd-style-with-bg\"><a href=\"https:\/\/tarologamargaridafernandes.com\/category\/blog\/\" rel=\"category tag\">Blog<\/a><\/div><\/div>\n\t\t\t\t\n\t\t\t\t\t\t\t\t\t<h3 class=\"wd-entities-title title post-title\">\n\t\t\t\t\t\t<a href=\"https:\/\/tarologamargaridafernandes.com\/ritual-da-transmutacao-e-alinhamento-vibracional-lua-minguante-de-13-de-outubro-de-2025\/\" rel=\"bookmark\">Ritual da Transmuta\u00e7\u00e3o e Alinhamento Vibracional \u2014 Lua Minguante de 13 de Outubro de 2025<\/a>\n\t\t\t\t\t<\/h3>\n\t\t\t\t\n\t\t\t\t\t\t\t\t\t<div class=\"entry-meta wd-entry-meta\">\n\t\t\t\t\t\t\t\t\t<ul class=\"entry-meta-list\">\n\t\t\t\t\t\t\t\t\t<li class=\"modified-date\">\n\t\t\t\t\t\t\t\t<time class=\"updated\" datetime=\"2025-10-09T18:38:47+01:00\">\n\t\t\tOutubro 9, 2025\t\t<\/time>\n\t\t\t\t\t\t\t<\/li>\n\n\t\t\t\t\t\n\t\t\t\t\t\t\t\t\t\t\t<li class=\"meta-author\">\n\t\t\t\t\t\t\t\t\t\t\t\t<span>Por<\/span>\n\t\t\n\t\t\t\t\t<img src=\"https:\/\/tarologamargaridafernandes.com\/wp-content\/uploads\/2024\/06\/avatar-magui-150x150.jpg\" srcset=\"https:\/\/tarologamargaridafernandes.com\/wp-content\/uploads\/2024\/06\/avatar-magui-150x150.jpg 2x\" width=\"32\" height=\"32\" alt=\"author-avatar\" class=\"avatar avatar-32 wp-user-avatar wp-user-avatar-32 photo avatar-default\" \/>\t\t\n\t\t<a href=\"https:\/\/tarologamargaridafernandes.com\/author\/magui\/\" rel=\"author\">\n\t\t\t<span class=\"vcard author author_name\">\n\t\t\t\t<span class=\"fn\">Magui<\/span>\n\t\t\t<\/span>\n\t\t<\/a>\n\t\t\t\t\t\t\t\t<\/li>\n\t\t\t\t\t\n\t\t\t\t\t\n\t\t\t\t\t\t\t\t\t\t\t<li class=\"meta-reply\">\n\t\t\t\t\t\t\t<a href=\"https:\/\/tarologamargaridafernandes.com\/ritual-da-transmutacao-e-alinhamento-vibracional-lua-minguante-de-13-de-outubro-de-2025\/#respond\"><span class=\"replies-count\">0<\/span> <span class=\"replies-count-label\">comments<\/span><\/a>\t\t\t\t\t\t<\/li>\n\t\t\t\t\t\t\t\t\t\t\t\t<\/ul>\n\t\t\t\t\t\t\t<\/div><!-- .entry-meta -->\n\t\t\t\t\t\t\t\t\t\t\t<div class=\"hovered-social-icons wd-tltp wd-tltp-top\">\n\t\t\t\t\t\t\t<div class=\"wd-tooltip-label\">\n\t\t\t\t\t\t\t\t\n\t\t\t<div class=\" wd-social-icons icons-design-default icons-size-small color-scheme-light social-share social-form-circle text-center\">\n\n\t\t\t\t\n\t\t\t\t\t\t\t\t\t<a rel=\"noopener noreferrer nofollow\" href=\"https:\/\/www.facebook.com\/sharer\/sharer.php?u=https:\/\/tarologamargaridafernandes.com\/ritual-da-transmutacao-e-alinhamento-vibracional-lua-minguante-de-13-de-outubro-de-2025\/\" target=\"_blank\" class=\" wd-social-icon social-facebook\" aria-label=\"Facebook social link\">\n\t\t\t\t\t\t<span class=\"wd-icon\"><\/span>\n\t\t\t\t\t\t\t\t\t\t\t<\/a>\n\t\t\t\t\n\t\t\t\t\t\t\t\t\t<a rel=\"noopener noreferrer nofollow\" href=\"https:\/\/x.com\/share?url=https:\/\/tarologamargaridafernandes.com\/ritual-da-transmutacao-e-alinhamento-vibracional-lua-minguante-de-13-de-outubro-de-2025\/\" target=\"_blank\" class=\" wd-social-icon social-twitter\" aria-label=\"X social link\">\n\t\t\t\t\t\t<span class=\"wd-icon\"><\/span>\n\t\t\t\t\t\t\t\t\t\t\t<\/a>\n\t\t\t\t\n\t\t\t\t\t\t\t\t\t<a rel=\"noopener noreferrer nofollow\" href=\"mailto:?subject=Check%20this%20https:\/\/tarologamargaridafernandes.com\/ritual-da-transmutacao-e-alinhamento-vibracional-lua-minguante-de-13-de-outubro-de-2025\/\" target=\"_blank\" class=\" wd-social-icon social-email\" aria-label=\"Email social link\">\n\t\t\t\t\t\t<span class=\"wd-icon\"><\/span>\n\t\t\t\t\t\t\t\t\t\t\t<\/a>\n\t\t\t\t\n\t\t\t\t\n\t\t\t\t\n\t\t\t\t\n\t\t\t\t\n\t\t\t\t\n\t\t\t\t\n\t\t\t\t\n\t\t\t\t\n\t\t\t\t\n\t\t\t\t\n\t\t\t\t\n\t\t\t\t\n\t\t\t\t\n\t\t\t\t\t\t\t\t\t<a rel=\"noopener noreferrer nofollow\" href=\"https:\/\/api.whatsapp.com\/send?text=https%3A%2F%2Ftarologamargaridafernandes.com%2Fritual-da-transmutacao-e-alinhamento-vibracional-lua-minguante-de-13-de-outubro-de-2025%2F\" target=\"_blank\" class=\"whatsapp-desktop  wd-social-icon social-whatsapp\" aria-label=\"WhatsApp social link\">\n\t\t\t\t\t\t<span class=\"wd-icon\"><\/span>\n\t\t\t\t\t\t\t\t\t\t\t<\/a>\n\t\t\t\t\t\n\t\t\t\t\t<a rel=\"noopener noreferrer nofollow\" href=\"whatsapp:\/\/send?text=https%3A%2F%2Ftarologamargaridafernandes.com%2Fritual-da-transmutacao-e-alinhamento-vibracional-lua-minguante-de-13-de-outubro-de-2025%2F\" target=\"_blank\" class=\"whatsapp-mobile  wd-social-icon social-whatsapp\" aria-label=\"WhatsApp social link\">\n\t\t\t\t\t\t<span class=\"wd-icon\"><\/span>\n\t\t\t\t\t\t\t\t\t\t\t<\/a>\n\t\t\t\t\n\t\t\t\t\t\t\t\t\n\t\t\t\t\t\t\t\t\n\t\t\t\t\n\t\t\t\t\n\t\t\t\t\t\t\t\t\t<a rel=\"noopener noreferrer nofollow\" href=\"https:\/\/telegram.me\/share\/url?url=https:\/\/tarologamargaridafernandes.com\/ritual-da-transmutacao-e-alinhamento-vibracional-lua-minguante-de-13-de-outubro-de-2025\/\" target=\"_blank\" class=\" wd-social-icon social-tg\" aria-label=\"Telegram social link\">\n\t\t\t\t\t\t<span class=\"wd-icon\"><\/span>\n\t\t\t\t\t\t\t\t\t\t\t<\/a>\n\t\t\t\t\t\t\t\t\n\t\t\t\t\n\t\t\t<\/div>\n\n\t\t\t\t\t\t\t\t\t<\/div>\n\t\t\t\t\t\t<\/div>\n\t\t\t\t\t\t\t\t\t\t\t\t\n\t\t\t\t\t\t\t\n\t\t\t\t                    <div class=\"entry-content wd-entry-content\">\n\t\t\t\t\t\tTransforma o cansa\u00e7o em for\u00e7a e alinha a tua energia interior\r\nOs \u00faltimos meses trouxeram grandes mudan\u00e7as energ\u00e9ticas: eclipses, limpe...\n\t\t\t\t\t\t\t\t\t\t\t<\/div><!-- .entry-content -->\n\t\t\t\t\n\t\t\t\t\t\t\t\t\t\t\t\t\t\t<p class=\"read-more-section\">\n\t\t\t\t\t\t<a class=\"btn-read-more more-link\" href=\"https:\/\/tarologamargaridafernandes.com\/ritual-da-transmutacao-e-alinhamento-vibracional-lua-minguante-de-13-de-outubro-de-2025\/\">Continua a ler<\/a>\t\t\t\t\t<\/p>\n\t\t\t\t\t\t\t\t\t\t\t\n\t\t\t\n\t\t\t\t\t<\/div>\n\t<\/div>\n<\/article><!-- #post -->\n\n\n\t\t\t\t\t\n\t\t\t\t\t","status":"no-more-posts","nextPage":"?woo_ajax=1","currentPage":"https:\/\/tarologamargaridafernandes.com\/tag\/ritual-espiritual\/page\/2"}